{"id":1743,"date":"2018-06-20T11:39:28","date_gmt":"2018-06-20T10:39:28","guid":{"rendered":"https:\/\/hobekielkartea.eus\/hobeki-elkartearen-aurkezpena\/"},"modified":"2018-06-28T08:16:31","modified_gmt":"2018-06-28T07:16:31","slug":"hobeki-elkartearen-aurkezpena","status":"publish","type":"post","link":"https:\/\/hobekielkartea.eus\/es\/hobeki-elkartearen-aurkezpena\/","title":{"rendered":"Presentaci\u00f3n de HOBEKI"},"content":{"rendered":"<section class=\"wpb-content-wrapper\"><p>[vc_row][vc_column offset=&#8221;vc_hidden-sm vc_hidden-xs&#8221;][vc_column_text]<\/p>\n<h1 style=\"text-align: center;\"><span style=\"color: #4a5613;\"><strong>Presentaci\u00f3n de HOBEKI<\/strong><\/span><\/h1>\n<p>[\/vc_column_text][vc_separator color=&#8221;custom&#8221; el_width=&#8221;60&#8243; accent_color=&#8221;#4a5613&#8243;][vc_column_text]<\/p>\n<h6 style=\"text-align: center;\"><span style=\"color: #4a5613;\">HOBEKI-NOTICIAS<\/span><\/h6>\n<p>[\/vc_column_text][vc_row_inner css=&#8221;.vc_custom_1529489536241{margin-top: 5% !important;margin-right: 20% !important;margin-bottom: 5% !important;margin-left: 20% !important;}&#8221;][vc_column_inner][vc_single_image image=&#8221;1578&#8243; img_size=&#8221;full&#8221; alignment=&#8221;center&#8221;][\/vc_column_inner][\/vc_row_inner][vc_row_inner css=&#8221;.vc_custom_1529489668805{margin-right: 20% !important;margin-bottom: 5% !important;margin-left: 20% !important;}&#8221;][vc_column_inner][vc_column_text]<\/p>\n<h6>Esta ma\u00f1ana se ha presentado la Sociedad Hobeki. En dicha presentaci\u00f3n, han participado las diferentes instituciones locales que conforman Hobeki: Roberto Otazu Presidente de Hobeki y concejal de Leintz-Gatzaga, los alcaldes de Hernani, Usurbil, Berastegi, Segura, Donemiliaga, Berriatua, Antzuola, Larrabetzu y los concejales de Zaldibia, Oiartzun y Hernani.<\/h6>\n<h6><strong>Hoy por hoy, pocos son los que ponen en duda la necesidad de dar un tratamiento adecuado a los residuos.<\/strong> Tanto ciudadanos como organizaciones municipales estamos obligados a actuar con responsabilidad.<\/h6>\n<h6><strong>Para dar respuesta a ese vac\u00edo, se ha propuesto la creaci\u00f3n de la asociaci\u00f3n HOBEKI mediante la cual podamos compartir ideas y proyectos y avancemos conjuntamente en la b\u00fasqueda de iniciativas que proporcionen resultados \u00edntegros<\/strong>, basada en el trabajo conjunto y la coordinaci\u00f3n.<\/h6>\n<h6>La presentaci\u00f3n de hoy es un punto de partida. Trabajamos para conseguir la afiliaci\u00f3n de m\u00e1s instituciones locales, as\u00ed como iniciar los contactos entre ellas. Nuestro objetivo es implantar una gesti\u00f3n de residuos eficaz y sostenible en Euskal Herria.<\/h6>\n<p>[\/vc_column_text][\/vc_column_inner][\/vc_row_inner][vc_row_inner css=&#8221;.vc_custom_1529489668805{margin-right: 20% !important;margin-bottom: 5% !important;margin-left: 20% !important;}&#8221;][vc_column_inner][vc_column_text]<iframe src=\"https:\/\/www.youtube.com\/embed\/_g4UyxIEAKU?rel=0&amp;showinfo=0\" width=\"100%\" height=\"380\" frameborder=\"0\" allowfullscreen=\"allowfullscreen\"><\/iframe>[\/vc_column_text][\/vc_column_inner][\/vc_row_inner][\/vc_column][vc_column offset=&#8221;vc_hidden-sm vc_hidden-xs&#8221;]<div class=\"centered-box\"><a class=\"sc-button \"  href=\"https:\/\/hobekielkartea.eus\/ES\/hobekideak\/\" target=\"_self\" style=\"color: #c2ce28;background-color: #4a5613;\">TODOS LOS HOBEKIDE<\/a><\/div>[\/vc_column][\/vc_row][vc_row][vc_column offset=&#8221;vc_hidden-lg vc_hidden-md&#8221;][vc_column_text]<\/p>\n<h1 style=\"text-align: center;\"><span style=\"color: #4a5613;\"><strong>Presentaci\u00f3n de HOBEKI<br \/>\n<\/strong><\/span><\/h1>\n<p>[\/vc_column_text][vc_separator color=&#8221;custom&#8221; el_width=&#8221;60&#8243; accent_color=&#8221;#4a5613&#8243;][vc_column_text]<\/p>\n<h6 style=\"text-align: center;\"><span style=\"color: #4a5613;\">HOBEKI-NOTICIAS<\/span><\/h6>\n<p>[\/vc_column_text][vc_row_inner css=&#8221;.vc_custom_1529493150620{margin-top: 5% !important;margin-bottom: 5% !important;margin-left: 20px !important;}&#8221;][vc_column_inner][vc_single_image image=&#8221;1578&#8243; img_size=&#8221;full&#8221; alignment=&#8221;center&#8221;][\/vc_column_inner][\/vc_row_inner][vc_row_inner css=&#8221;.vc_custom_1529492992944{margin-bottom: 5% !important;}&#8221;][vc_column_inner][vc_column_text]<\/p>\n<h6>Esta ma\u00f1ana se ha presentado la Sociedad Hobeki. En dicha presentaci\u00f3n, han participado las diferentes instituciones locales que conforman Hobeki: Roberto Otazu Presidente de Hobeki y concejal de Leintz-Gatzaga, los alcaldes de Hernani, Usurbil, Berastegi, Segura, Donemiliaga, Berriatua, Antzuola, Larrabetzu y los concejales de Zaldibia, Oiartzun y Hernani.<\/h6>\n<h6><strong>Hoy por hoy, pocos son los que ponen en duda la necesidad de dar un tratamiento adecuado a los residuos.<\/strong> Tanto ciudadanos como organizaciones municipales estamos obligados a actuar con responsabilidad.<\/h6>\n<h6><strong>Para dar respuesta a ese vac\u00edo, se ha propuesto la creaci\u00f3n de la asociaci\u00f3n HOBEKI mediante la cual podamos compartir ideas y proyectos y avancemos conjuntamente en la b\u00fasqueda de iniciativas que proporcionen resultados \u00edntegros<\/strong>, basada en el trabajo conjunto y la coordinaci\u00f3n.<\/h6>\n<h6>La presentaci\u00f3n de hoy es un punto de partida. Trabajamos para conseguir la afiliaci\u00f3n de m\u00e1s instituciones locales, as\u00ed como iniciar los contactos entre ellas. Nuestro objetivo es implantar una gesti\u00f3n de residuos eficaz y sostenible en Euskal Herria.<\/h6>\n<p>[\/vc_column_text][\/vc_column_inner][\/vc_row_inner][vc_row_inner css=&#8221;.vc_custom_1529492999961{margin-bottom: 5% !important;}&#8221;][vc_column_inner][vc_column_text]<iframe src=\"https:\/\/www.youtube.com\/embed\/_g4UyxIEAKU?rel=0&amp;showinfo=0\" width=\"100%\" height=\"180\" frameborder=\"0\" allowfullscreen=\"allowfullscreen\"><\/iframe>[\/vc_column_text][\/vc_column_inner][\/vc_row_inner][\/vc_column][vc_column offset=&#8221;vc_hidden-lg vc_hidden-md&#8221;]<div class=\"centered-box\"><a class=\"sc-button \"  href=\"https:\/\/hobekielkartea.eus\/es\/hobekideak\/\" target=\"_self\" style=\"color: #c2ce28;background-color: #4a5613;\">TODOS LOS HOBEKIDE<\/a><\/div>[\/vc_column][\/vc_row]<\/p>\n<\/section>","protected":false},"excerpt":{"rendered":"<p>[vc_row][vc_column offset=&#8221;vc_hidden-sm vc_hidden-xs&#8221;][vc_column_text] Presentaci\u00f3n de HOBEKI [\/vc_column_text][vc_separator color=&#8221;custom&#8221; el_width=&#8221;60&#8243; accent_color=&#8221;#4a5613&#8243;][vc_column_text] HOBEKI-NOTICIAS [\/vc_column_text][vc_row_inner css=&#8221;.vc_custom_1529489536241{margin-top: 5% !important;margin-right: 20% !important;margin-bottom: 5% !important;margin-left: 20% !important;}&#8221;][vc_column_inner][vc_single_image image=&#8221;1578&#8243; img_size=&#8221;full&#8221; alignment=&#8221;center&#8221;][\/vc_column_inner][\/vc_row_inner][vc_row_inner css=&#8221;.vc_custom_1529489668805{margin-right: 20% !important;margin-bottom: 5% !important;margin-left: 20% !important;}&#8221;][vc_column_inner][vc_column_text] Esta ma\u00f1ana se ha presentado la Sociedad Hobeki. En dicha presentaci\u00f3n, han participado las diferentes instituciones locales que conforman Hobeki: Roberto Otazu Presidente de Hobeki&#8230;<\/p>\n","protected":false},"author":1,"featured_media":1745,"comment_status":"closed","ping_status":"closed","sticky":false,"template":"","format":"standard","meta":{"footnotes":""},"categories":[54],"tags":[],"class_list":["post-1743","post","type-post","status-publish","format-standard","has-post-thumbnail","hentry","category-noticias"],"aioseo_notices":[],"_links":{"self":[{"href":"https:\/\/hobekielkartea.eus\/es\/wp-json\/wp\/v2\/posts\/1743","targetHints":{"allow":["GET"]}}],"collection":[{"href":"https:\/\/hobekielkartea.eus\/es\/wp-json\/wp\/v2\/posts"}],"about":[{"href":"https:\/\/hobekielkartea.eus\/es\/wp-json\/wp\/v2\/types\/post"}],"author":[{"embeddable":true,"href":"https:\/\/hobekielkartea.eus\/es\/wp-json\/wp\/v2\/users\/1"}],"replies":[{"embeddable":true,"href":"https:\/\/hobekielkartea.eus\/es\/wp-json\/wp\/v2\/comments?post=1743"}],"version-history":[{"count":3,"href":"https:\/\/hobekielkartea.eus\/es\/wp-json\/wp\/v2\/posts\/1743\/revisions"}],"predecessor-version":[{"id":1748,"href":"https:\/\/hobekielkartea.eus\/es\/wp-json\/wp\/v2\/posts\/1743\/revisions\/1748"}],"wp:featuredmedia":[{"embeddable":true,"href":"https:\/\/hobekielkartea.eus\/es\/wp-json\/wp\/v2\/media\/1745"}],"wp:attachment":[{"href":"https:\/\/hobekielkartea.eus\/es\/wp-json\/wp\/v2\/media?parent=1743"}],"wp:term":[{"taxonomy":"category","embeddable":true,"href":"https:\/\/hobekielkartea.eus\/es\/wp-json\/wp\/v2\/categories?post=1743"},{"taxonomy":"post_tag","embeddable":true,"href":"https:\/\/hobekielkartea.eus\/es\/wp-json\/wp\/v2\/tags?post=1743"}],"curies":[{"name":"wp","href":"https:\/\/api.w.org\/{rel}","templated":true}]}}